{"id":964,"date":"2019-11-18T22:30:19","date_gmt":"2019-11-18T22:30:19","guid":{"rendered":"http:\/\/phoenixbeckum.de\/?p=964"},"modified":"2019-11-18T22:52:59","modified_gmt":"2019-11-18T22:52:59","slug":"landesverbandstag","status":"publish","type":"post","link":"http:\/\/phoenixbeckum.de\/?p=964","title":{"rendered":"Landesverbandstag"},"content":{"rendered":"\n<p class=\"has-text-align-left\">Liebe Frisbeesportler*innen in Nordrhein-Westfalen, <br><br>herzlich laden wir Eure Delegierten zum 5. Landesverbandstag von Frisbee NRW e.V. ein. Er findet am Sonntag, dem 24. November 2019, ab 10 Uhr bei unserem Mitglied TV Verl (St.-Anna-Stra\u00dfe 34a in 33415 Verl) statt. Insgesamt sind satzungsgem\u00e4\u00df 50 Delegierte (Verteilungsschl\u00fcssel siehe unten) stimmberechtigt. Dem Landesverbandstag schlie\u00dfen sich die Jugendversammlung sowie die Versammlungen der Ultimate- und der Discgolf-Abteilung an.<\/p>\n\n\n\n<p>In der Anlage befindet sich die vorl\u00e4ufige Tagesordnung und der Delegiertenmeldebogen (Vollmacht). Dieser ist ausgef\u00fcllt zur Versammlung mitzubringen. Vorab sind die Delegierten (mit ihrer Email-Anschrift) per Emailantwort beim Landesverband anzumelden, damit sie die endg\u00fcltige Tagesordnung und Antr\u00e4ge sowie weitere Sitzungsunterlagen pers\u00f6nlich&nbsp;erhalten. \u00c4nderungen der Delegierten sind nat\u00fcrlich noch bis zum Versammlungstag m\u00f6glich.<\/p>\n\n\n\n<p>Antr\u00e4ge f\u00fcr den Landesverbandstag k\u00f6nnen bis zum 17. November beim Landesverband eingereicht werden. Antragberechtigt sind die Mitglieder (Vereine) und Verbandsorgane.<\/p>\n\n\n\n<p>Die Anzahl der Delegierten (je Versammlung), die pers\u00f6nlich jeweils maximal die Stimmenanzahl ihres Vereins vertreten k\u00f6nnen.\n\n<\/p>\n\n\n\n<p>Herzliche Gr\u00fc\u00dfe<br>Werner Szybalski, Pr\u00e4sident Frisbee NRW e.V.<br>Christian Morisse, Vizepr\u00e4sident Frisbee NRW e.V.<br>Dominik Hildebrandt, Vizepr\u00e4sident Frisbee NRW e.V. <\/p>\n","protected":false},"excerpt":{"rendered":"<p>Liebe Frisbeesportler*innen in Nordrhein-Westfalen, herzlich laden wir Eure Delegierten zum 5. Landesverbandstag von Frisbee NRW e.V. ein. Er findet am Sonntag, dem 24. November 2019, ab 10 Uhr bei unserem Mitglied TV Verl (St.-Anna-Stra\u00dfe 34a in 33415 Verl) statt. Insgesamt sind satzungsgem\u00e4\u00df 50 Delegierte (Verteilungsschl\u00fcssel siehe unten) stimmberechtigt. Dem Landesverbandstag schlie\u00dfen sich die Jugendversammlung sowie&hellip;&nbsp;<a href=\"http:\/\/phoenixbeckum.de\/?p=964\" class=\"\" rel=\"bookmark\">Weiterlesen &raquo;<span class=\"screen-reader-text\">Landesverbandstag<\/span><\/a><\/p>\n","protected":false},"author":1,"featured_media":103,"comment_status":"open","ping_status":"closed","sticky":false,"template":"","format":"standard","meta":{"neve_meta_sidebar":"default","neve_meta_container":"default","neve_meta_enable_content_width":"off","neve_meta_content_width":92,"neve_meta_title_alignment":"","neve_meta_author_avatar":"","neve_post_elements_order":"","neve_meta_disable_header":"off","neve_meta_disable_footer":"off","neve_meta_disable_title":"off","footnotes":""},"categories":[1],"tags":[],"_links":{"self":[{"href":"http:\/\/phoenixbeckum.de\/index.php?rest_route=\/wp\/v2\/posts\/964"}],"collection":[{"href":"http:\/\/phoenixbeckum.de\/index.php?rest_route=\/wp\/v2\/posts"}],"about":[{"href":"http:\/\/phoenixbeckum.de\/index.php?rest_route=\/wp\/v2\/types\/post"}],"author":[{"embeddable":true,"href":"http:\/\/phoenixbeckum.de\/index.php?rest_route=\/wp\/v2\/users\/1"}],"replies":[{"embeddable":true,"href":"http:\/\/phoenixbeckum.de\/index.php?rest_route=%2Fwp%2Fv2%2Fcomments&post=964"}],"version-history":[{"count":2,"href":"http:\/\/phoenixbeckum.de\/index.php?rest_route=\/wp\/v2\/posts\/964\/revisions"}],"predecessor-version":[{"id":970,"href":"http:\/\/phoenixbeckum.de\/index.php?rest_route=\/wp\/v2\/posts\/964\/revisions\/970"}],"wp:featuredmedia":[{"embeddable":true,"href":"http:\/\/phoenixbeckum.de\/index.php?rest_route=\/wp\/v2\/media\/103"}],"wp:attachment":[{"href":"http:\/\/phoenixbeckum.de\/index.php?rest_route=%2Fwp%2Fv2%2Fmedia&parent=964"}],"wp:term":[{"taxonomy":"category","embeddable":true,"href":"http:\/\/phoenixbeckum.de\/index.php?rest_route=%2Fwp%2Fv2%2Fcategories&post=964"},{"taxonomy":"post_tag","embeddable":true,"href":"http:\/\/phoenixbeckum.de\/index.php?rest_route=%2Fwp%2Fv2%2Ftags&post=964"}],"curies":[{"name":"wp","href":"https:\/\/api.w.org\/{rel}","templated":true}]}}